{"id":381,"date":"2010-09-21T16:43:09","date_gmt":"2010-09-21T15:43:09","guid":{"rendered":"https:\/\/www.wuhlesyndikat.de\/wordpress\/?p=381"},"modified":"2010-09-21T16:54:09","modified_gmt":"2010-09-21T15:54:09","slug":"1-fc-union-berlin-hertha-bsc","status":"publish","type":"post","link":"https:\/\/www.wuhlesyndikat.de\/wordpress\/1-fc-union-berlin-hertha-bsc","title":{"rendered":"1. FC Union Berlin &#8211; Hertha BSC 1:1"},"content":{"rendered":"<p>Absolut verdienter Punkt unserer Mannschaft im Stadtduell gegen Hertha! Da w\u00e4re sogar noch mehr drin gewesen und auch bei einer Niederlage h\u00e4tten sich die Blau-Wei\u00dfen kaum beschweren d\u00fcrfen\u2026 an diese Leistung bitte unbedingt in Osnabr\u00fcck ankn\u00fcpfen!!<\/p>\n<p>Auf den R\u00e4ngen auch einiges los und so boten die 2000 anwesenden Hertha Fans eine ansehnliche zweiteilige Choreo \u00fcber den gesamten G\u00e4stebereich mittels Blockfahnen und Spruchb\u00e4ndern. Bei uns ging es hingegen etwas detailreicher zu und so fuhren je eine Union- und eine Hertha S Bahn in den Block ein und stellten einen Typen vor die Wahl in welchen Zug er steigen solle. Am Ende fiel die Wahl nat\u00fcrlich auf die S 3 nach Erkner und somit die Entscheidung f\u00fcr \u201eFu\u00dfball pur\u201c! Vielleicht wird man damit keinen Sch\u00f6nheitspreis gewinnen, viel mehr stimmt einen das positive Feedback f\u00fcr Idee und Ausf\u00fchrung in den eigenen Reihen zufrieden.<\/p>\n<p>Auf der Waldseite h\u00f6rte man die G\u00e4ste nur ein paar wenige Male, oft sah der Stehplatzbereich aber schon ganz kompakt und gut aus bei Schalparade oder beim Einklatschen. Z\u00fcndelei auch sehr nett anzusehen, das erste Mal im neuen Stadion \u00fcbrigens, dass sich G\u00e4ste etwas austobten mit Kokeleien\u2026 \u201ePyrotechnik ist kein Verbrechen\u201c Ges\u00e4nge daraufhin von der Waldseite. Angesichts des sehr fr\u00fchen R\u00fcckstands waren wir mit der Stimmung im Heimbereich ziemlich zufrieden, auch wenn man heute ganz klar auf viele Klassiker und Schlachtrufe setzte anstatt auf Ultraparty. Von Gegengerade und den \u00e4u\u00dferen Bereiche der Waldseite kam heute jedoch eindeutig zu wenig, dennoch gab unser Sektor 90 Minuten gut Vollgas und in den letzten 10 Minuten tobte dann doch der Gro\u00dfteil des Stadions.\u00a0\u00a0\u00a0\u00a0\u00a0\u00a0\u00a0\u00a0\u00a0\u00a0\u00a0\u00a0\u00a0\u00a0\u00a0\u00a0\u00a0\u00a0\u00a0\u00a0\u00a0\u00a0\u00a0\u00a0\u00a0\u00a0\u00a0\u00a0\u00a0\u00a0\u00a0\u00a0\u00a0\u00a0\u00a0\u00a0\u00a0\u00a0\u00a0 Mehr als in diesen 10 Minuten wird nicht gehen und ist dann der Akustik geschuldet!<\/p>\n<p>Nach dem Ausgleichstreffer alle in Ekstase &#8211; solch einen fetten und intensiven Torpogo gab es sehr sehr lange nicht mehr! Ein Gl\u00fcck kommen wir ganz gut ohne Torjingle aus und so zog sich die Jubelei sicher \u00fcber eine Minute&#8230; Der Vollst\u00e4ndigkeit halber sei noch das gemeinsame Spruchband mit Hertha zu erw\u00e4hnen, welche die Fandemo am 09.10. in den Blick r\u00fcckten, zu der bekanntlich beide Fanszenen mobil machen.<\/p>\n<p><strong>Die WaldSeite vom Spiel ist unter &#8220;Downloads&#8221; verf\u00fcgbar!<\/strong><\/p>\n<p><img loading=\"lazy\" class=\"aligncenter\" src=\"http:\/\/unveu.de\/2010-2011\/vshertha\/170910vshertha17.jpg\" alt=\"\" width=\"402\" height=\"111\" \/><\/p>\n","protected":false},"excerpt":{"rendered":"<p>Absolut verdienter Punkt unserer Mannschaft im Stadtduell gegen Hertha! Da w\u00e4re sogar noch mehr drin gewesen und auch bei einer Niederlage h\u00e4tten sich die Blau-Wei\u00dfen kaum beschweren d\u00fcrfen\u2026 an diese Leistung bitte unbedingt in Osnabr\u00fcck ankn\u00fcpfen!! Auf den R\u00e4ngen auch einiges los und so boten die 2000 anwesenden Hertha Fans eine ansehnliche zweiteilige Choreo \u00fcber [&hellip;]<\/p>\n","protected":false},"author":3,"featured_media":0,"comment_status":"closed","ping_status":"closed","sticky":false,"template":"","format":"standard","meta":[],"categories":[1],"tags":[],"_links":{"self":[{"href":"https:\/\/www.wuhlesyndikat.de\/wordpress\/wp-json\/wp\/v2\/posts\/381"}],"collection":[{"href":"https:\/\/www.wuhlesyndikat.de\/wordpress\/wp-json\/wp\/v2\/posts"}],"about":[{"href":"https:\/\/www.wuhlesyndikat.de\/wordpress\/wp-json\/wp\/v2\/types\/post"}],"author":[{"embeddable":true,"href":"https:\/\/www.wuhlesyndikat.de\/wordpress\/wp-json\/wp\/v2\/users\/3"}],"replies":[{"embeddable":true,"href":"https:\/\/www.wuhlesyndikat.de\/wordpress\/wp-json\/wp\/v2\/comments?post=381"}],"version-history":[{"count":7,"href":"https:\/\/www.wuhlesyndikat.de\/wordpress\/wp-json\/wp\/v2\/posts\/381\/revisions"}],"predecessor-version":[{"id":389,"href":"https:\/\/www.wuhlesyndikat.de\/wordpress\/wp-json\/wp\/v2\/posts\/381\/revisions\/389"}],"wp:attachment":[{"href":"https:\/\/www.wuhlesyndikat.de\/wordpress\/wp-json\/wp\/v2\/media?parent=381"}],"wp:term":[{"taxonomy":"category","embeddable":true,"href":"https:\/\/www.wuhlesyndikat.de\/wordpress\/wp-json\/wp\/v2\/categories?post=381"},{"taxonomy":"post_tag","embeddable":true,"href":"https:\/\/www.wuhlesyndikat.de\/wordpress\/wp-json\/wp\/v2\/tags?post=381"}],"curies":[{"name":"wp","href":"https:\/\/api.w.org\/{rel}","templated":true}]}}