{"id":4564,"date":"2026-05-01T18:00:00","date_gmt":"2026-05-01T16:00:00","guid":{"rendered":"https:\/\/www.wuhlesyndikat.de\/wordpress\/?p=4564"},"modified":"2026-05-01T13:55:49","modified_gmt":"2026-05-01T11:55:49","slug":"wir-lassen-uns-nicht-spalten-innenminister-feinde-der-fankultur","status":"publish","type":"post","link":"https:\/\/www.wuhlesyndikat.de\/wordpress\/wir-lassen-uns-nicht-spalten-innenminister-feinde-der-fankultur","title":{"rendered":"Wir lassen uns nicht spalten! Innenminister &#8211; Feinde der Fankultur!"},"content":{"rendered":"\n<p>Etwas mehr als einen Monat ist es noch hin, bis die n\u00e4chste Innenministerkonferenz in Hamburg tagt &#8211; und wir m\u00fcssen noch immer davon berichten, dass die nach der letzten IMK versprochene Transparenz Fehlanzeige bleibt.<\/p>\n\n\n\n<p>Was genau auf der Agenda stehen wird, ist entsprechend nicht klar &#8211; die Erfahrungen der letzten IMK, die Drohungen der Politik gegen\u00fcber Vereinen und Verb\u00e4nden, unterw\u00fcrfige Verb\u00e4nde sowie die besorgniserregende Zunahme von Polizeigewalt und rechtswidrigen Ma\u00dfnahmen gegen Fu\u00dfballfans lassen uns allerdings wenig hoffnungsfroh sein. W\u00e4hrend manche Innenminister und die Polizei daran zu arbeiten scheinen, Fanszenen zu spalten und eine Unterscheidung von \u201eguten\u201c und \u201eschlechten\u201c Fans zu konstruieren, m\u00f6chten wir also diese hei\u00dfe Phase der Saison nutzen, um erneut deutlich zu machen: Wir lassen uns nicht spalten! Seit dem letzten Jahr dr\u00fccken gewisse Politiker den Vereinen und Verb\u00e4nden die Pistole auf die Brust und drohen mit harten Mitteln, sollten sie ihren Forderungen nicht nachkommen. Dabei ist unter anderem die Rede von Lizenzentz\u00fcgen, von \u00dcbertragung der Polizeikosten auf die Vereine sowie von personalisierten Tickets. Ma\u00dfnahmen also, die die Vereine in die Knie zwingen und finanziell bedrohen k\u00f6nnen. Stellt euch vor, eurem Lieblingsverein wird die Lizenz f\u00fcr den Spielort des Stadions entzogen &#8211; oder zumindest f\u00fcr den G\u00e4steblock! Wie sehr das Fehlen von G\u00e4stefans das Stadionerlebnis beeintr\u00e4chtigen kann, ist bereits in vielen L\u00e4ndern zu beobachten. Zust\u00e4nde, die wir uns nicht herbeiw\u00fcnschen &#8211; gerade, wenn wir selbst als Ausw\u00e4rtsfahrer betroffen w\u00e4ren.&nbsp;<\/p>\n\n\n\n<p>An dieser Stelle m\u00fcssen auch die Verb\u00e4nde explizit angesprochen werden: DFB und DFL sonnen sich in sch\u00f6nen Bildern und vollen Stadien, die die Fanszenen ihnen Jahr f\u00fcr Jahr von Bundesliga bis in die unteren Ligen servieren. Dass f\u00fcr die Fans, f\u00fcr das besondere Stadionerlebnis in Deutschland und gegen willk\u00fcrliche Ma\u00dfnahmen ihre starke Stimmen erhoben werden, ist von den Verb\u00e4nden erwartungsgem\u00e4\u00df nicht zu vernehmen. Stattdessen wird eifrig den populistischen Forderungen gefolgt und an einer v\u00f6llig undurchsichtigen zentralen SV-Kommission gearbeitet.<\/p>\n\n\n\n<p>Die DFL sowie der DFB scheinen sich von diesen Drohgeb\u00e4rden einsch\u00fcchtern zu lassen und vor dem Populismus der Politik einzuknicken. Sie scheinen bereit, unn\u00f6tig repressive Ma\u00dfnahmen wie die Versch\u00e4rfung der Stadionverbots-Richtlinien durchzuwinken, um \u201eschlimmere \u00dcbel\u201c abzuwenden. Die Versch\u00e4rfungen eben dieser Richtlinien gehen also auch klar auf das Konto der Verb\u00e4nde, die weder ihren Vereinen R\u00fcckhalt bieten noch den wirtschaftlichen Faktor von aktiver sowie lebendiger Fankultur ber\u00fccksichtigen zu wollen. Und das alles wegen einer hochstilisierten Gefahrenlage in deutschen Fu\u00dfballstadien.&nbsp; &nbsp;<\/p>\n\n\n\n<p>Es erschlie\u00dft sich uns zudem auch sechs Monate nach der letzten IMK nicht, weshalb diejenigen Politiker, die sich mit der inneren Sicherheit Deutschlands besch\u00e4ftigen sollen, \u00fcberhaupt \u00fcber den Fu\u00dfball sprechen. Die herbeifantasierten Schreckgespenster gef\u00e4hrlicher Stadien wurden doch bereits im Vorfeld der letzten IMK entzaubert! Weshalb also wollen gewisse Innenminister das bunte und lebendige Stadionerlebnis durch repressive, rechtlich fragw\u00fcrdige Ma\u00dfnahmen aufs Spiel setzen? Weshalb wollen sie das Risiko in Kauf nehmen, Vereine finanziell zu ruinieren und Fankultur zu beerdigen?<\/p>\n\n\n\n<p>Die realit\u00e4tsfremden Wahrnehmungen von Politikern, die selten bis nie einen Fu\u00df in unsere Stadien gesetzt haben, k\u00f6nnen nicht unwidersprochen bleiben. Wir Fans wissen, wie die Realit\u00e4t aussieht: der Fu\u00dfball ist nach wie vor sicher und gleichzeitig braucht das Stadionerlebnis die lebendige Fankultur!<\/p>\n\n\n\n<p>Die Zahlen der tats\u00e4chlich gef\u00e4hrlichen Vorf\u00e4lle in Stadien sind so verschwindend gering, dass sie dieses Ma\u00dfnahmenpaket niemals rechtfertigen k\u00f6nnen.<\/p>\n\n\n\n<p>Lasst uns ihnen gemeinsam zeigen, was wir davon halten &#8211; wir lassen uns nicht spalten!&nbsp;<\/p>\n\n\n\n<p><em>Fanszenen Deutschlands &#8211; Mai 2026<\/em><\/p>\n\n\n\n<figure class=\"wp-block-image size-large is-resized\"><img loading=\"lazy\" src=\"https:\/\/www.wuhlesyndikat.de\/wordpress\/wp-content\/\/Pauli_Heim_IMK-1024x683.jpg\" alt=\"\" class=\"wp-image-4566\" width=\"529\" height=\"353\" srcset=\"https:\/\/www.wuhlesyndikat.de\/wordpress\/wp-content\/Pauli_Heim_IMK-1024x683.jpg 1024w, https:\/\/www.wuhlesyndikat.de\/wordpress\/wp-content\/Pauli_Heim_IMK-300x200.jpg 300w, https:\/\/www.wuhlesyndikat.de\/wordpress\/wp-content\/Pauli_Heim_IMK-768x512.jpg 768w, https:\/\/www.wuhlesyndikat.de\/wordpress\/wp-content\/Pauli_Heim_IMK.jpg 1200w\" sizes=\"(max-width: 529px) 100vw, 529px\" \/><\/figure>\n","protected":false},"excerpt":{"rendered":"<p>Etwas mehr als einen Monat ist es noch hin, bis die n\u00e4chste Innenministerkonferenz in Hamburg tagt &#8211; und wir m\u00fcssen noch immer davon berichten, dass die nach der letzten IMK versprochene Transparenz Fehlanzeige bleibt. Was genau auf der Agenda stehen wird, ist entsprechend nicht klar &#8211; die Erfahrungen der letzten IMK, die Drohungen der Politik [&hellip;]<\/p>\n","protected":false},"author":12,"featured_media":4566,"comment_status":"closed","ping_status":"closed","sticky":false,"template":"","format":"standard","meta":[],"categories":[1],"tags":[],"_links":{"self":[{"href":"https:\/\/www.wuhlesyndikat.de\/wordpress\/wp-json\/wp\/v2\/posts\/4564"}],"collection":[{"href":"https:\/\/www.wuhlesyndikat.de\/wordpress\/wp-json\/wp\/v2\/posts"}],"about":[{"href":"https:\/\/www.wuhlesyndikat.de\/wordpress\/wp-json\/wp\/v2\/types\/post"}],"author":[{"embeddable":true,"href":"https:\/\/www.wuhlesyndikat.de\/wordpress\/wp-json\/wp\/v2\/users\/12"}],"replies":[{"embeddable":true,"href":"https:\/\/www.wuhlesyndikat.de\/wordpress\/wp-json\/wp\/v2\/comments?post=4564"}],"version-history":[{"count":3,"href":"https:\/\/www.wuhlesyndikat.de\/wordpress\/wp-json\/wp\/v2\/posts\/4564\/revisions"}],"predecessor-version":[{"id":4568,"href":"https:\/\/www.wuhlesyndikat.de\/wordpress\/wp-json\/wp\/v2\/posts\/4564\/revisions\/4568"}],"wp:featuredmedia":[{"embeddable":true,"href":"https:\/\/www.wuhlesyndikat.de\/wordpress\/wp-json\/wp\/v2\/media\/4566"}],"wp:attachment":[{"href":"https:\/\/www.wuhlesyndikat.de\/wordpress\/wp-json\/wp\/v2\/media?parent=4564"}],"wp:term":[{"taxonomy":"category","embeddable":true,"href":"https:\/\/www.wuhlesyndikat.de\/wordpress\/wp-json\/wp\/v2\/categories?post=4564"},{"taxonomy":"post_tag","embeddable":true,"href":"https:\/\/www.wuhlesyndikat.de\/wordpress\/wp-json\/wp\/v2\/tags?post=4564"}],"curies":[{"name":"wp","href":"https:\/\/api.w.org\/{rel}","templated":true}]}}